{"id":192,"date":"2017-07-04T15:25:11","date_gmt":"2017-07-04T13:25:11","guid":{"rendered":"https:\/\/campanyes.caritas.barcelona\/acogida-y-acompanamiento\/jornada-mundial-de-las-migraciones-5\/"},"modified":"2017-07-06T15:19:24","modified_gmt":"2017-07-06T13:19:24","slug":"jornada-mundial-de-las-migraciones-5","status":"publish","type":"post","link":"https:\/\/campanyes.caritas.barcelona\/es\/jornada-mundial-de-las-migraciones-5\/","title":{"rendered":"Jornada Mundial de las Migraciones"},"content":{"rendered":"<p>El domingo 15 de enero de 2012 se celebra la Jornada Mundial de las Migraciones, una ocasi\u00f3n para tomar conciencia de las realidades que viven las personas inmigradas.<\/p>\n<p>La campa\u00f1a de este a\u00f1o quiere concienciar de la importancia de vivir en una sociedad multicultural y de hacer participar a las personas inmigradas de sus realidades. Esta campa\u00f1a tambi\u00e9n hace referencia a los estereotipos que marcan este colectivo de personas y que con la crisi se acent\u00faan y se convierten en expresiones del racismo. Ser capaces de romperlos e ir m\u00e1s all\u00e1 es uno de los mensajes de la campa\u00f1a.<\/p>\n","protected":false},"excerpt":{"rendered":"<p>El domingo 15 de enero de 2012 se celebra la Jornada Mundial de las Migraciones, una ocasi\u00f3n para tomar conciencia de las realidades que viven las personas inmigradas. La campa\u00f1a de este a\u00f1o quiere concienciar de la importancia de vivir en una sociedad multicultural y de hacer participar a las personas inmigradas de sus realidades. [&hellip;]<\/p>\n","protected":false},"author":1,"featured_media":0,"comment_status":"closed","ping_status":"closed","sticky":false,"template":"","format":"standard","meta":{"footnotes":""},"categories":[27],"tipus-de-campanya":[38],"class_list":["post-192","post","type-post","status-publish","format-standard","hentry","category-migracion","tipus-de-campanya-campanas-historicas"],"aioseo_notices":[],"_links":{"self":[{"href":"https:\/\/campanyes.caritas.barcelona\/es\/wp-json\/wp\/v2\/posts\/192","targetHints":{"allow":["GET"]}}],"collection":[{"href":"https:\/\/campanyes.caritas.barcelona\/es\/wp-json\/wp\/v2\/posts"}],"about":[{"href":"https:\/\/campanyes.caritas.barcelona\/es\/wp-json\/wp\/v2\/types\/post"}],"author":[{"embeddable":true,"href":"https:\/\/campanyes.caritas.barcelona\/es\/wp-json\/wp\/v2\/users\/1"}],"replies":[{"embeddable":true,"href":"https:\/\/campanyes.caritas.barcelona\/es\/wp-json\/wp\/v2\/comments?post=192"}],"version-history":[{"count":1,"href":"https:\/\/campanyes.caritas.barcelona\/es\/wp-json\/wp\/v2\/posts\/192\/revisions"}],"predecessor-version":[{"id":388,"href":"https:\/\/campanyes.caritas.barcelona\/es\/wp-json\/wp\/v2\/posts\/192\/revisions\/388"}],"wp:attachment":[{"href":"https:\/\/campanyes.caritas.barcelona\/es\/wp-json\/wp\/v2\/media?parent=192"}],"wp:term":[{"taxonomy":"category","embeddable":true,"href":"https:\/\/campanyes.caritas.barcelona\/es\/wp-json\/wp\/v2\/categories?post=192"},{"taxonomy":"tipus-de-campanya","embeddable":true,"href":"https:\/\/campanyes.caritas.barcelona\/es\/wp-json\/wp\/v2\/tipus-de-campanya?post=192"}],"curies":[{"name":"wp","href":"https:\/\/api.w.org\/{rel}","templated":true}]}}