{"id":416,"date":"2018-06-19T11:23:59","date_gmt":"2018-06-19T09:23:59","guid":{"rendered":"https:\/\/campanyes.caritas.barcelona\/?p=416\/"},"modified":"2018-06-19T12:40:41","modified_gmt":"2018-06-19T10:40:41","slug":"arrugas-al-sol","status":"publish","type":"post","link":"https:\/\/campanyes.caritas.barcelona\/es\/arrugas-al-sol\/","title":{"rendered":"Arrugas al sol"},"content":{"rendered":"<p>Vacaciones de verano para personas mayores<\/p>\n<p>Durante dos semanas, en los meses de junio y julio, C\u00e1ritas Diocesana de Barcelona organiza unos d\u00edas de vacaciones fuera de la di\u00f3cesis para la tercera edad. El objetivo es que rompan con la monoton\u00eda cotidiana y la sustituyan por una gran variedad de actividades de ocio con las que puedan relacionarse y compartir vivencias.<\/p>\n<p>Estas semanas son muy importantes para que la gente mayor recupere la alegr\u00eda de vivir. Y es que las vacaciones de verano representan una medicina maravillosa para combatir el calor y evitar la soledad.<\/p>\n<p>Por 80\u20ac por persona y d\u00eda, los 60 participantes podr\u00e1n hacer visitas tur\u00edsticas, gimnasia de baja intensidad, excursiones en la naturaleza o juegos, entre otras muchas actividades. Ay\u00fadanos a cuidar de las personas mayores que pasan dificultades. \u00a1Colabora con la campa\u00f1a &#8220;Arrugas al sol&#8221;!<\/p>\n","protected":false},"excerpt":{"rendered":"<p>Vacaciones de verano para personas mayores Durante dos semanas, en los meses de junio y julio, C\u00e1ritas Diocesana de Barcelona organiza unos d\u00edas de vacaciones fuera de la di\u00f3cesis para la tercera edad. El objetivo es que rompan con la monoton\u00eda cotidiana y la sustituyan por una gran variedad de actividades de ocio con las [&hellip;]<\/p>\n","protected":false},"author":1,"featured_media":457,"comment_status":"closed","ping_status":"closed","sticky":false,"template":"","format":"standard","meta":{"footnotes":""},"categories":[26],"tipus-de-campanya":[38],"class_list":["post-416","post","type-post","status-publish","format-standard","has-post-thumbnail","hentry","category-personas-mayores","tipus-de-campanya-campanas-historicas"],"aioseo_notices":[],"_links":{"self":[{"href":"https:\/\/campanyes.caritas.barcelona\/es\/wp-json\/wp\/v2\/posts\/416","targetHints":{"allow":["GET"]}}],"collection":[{"href":"https:\/\/campanyes.caritas.barcelona\/es\/wp-json\/wp\/v2\/posts"}],"about":[{"href":"https:\/\/campanyes.caritas.barcelona\/es\/wp-json\/wp\/v2\/types\/post"}],"author":[{"embeddable":true,"href":"https:\/\/campanyes.caritas.barcelona\/es\/wp-json\/wp\/v2\/users\/1"}],"replies":[{"embeddable":true,"href":"https:\/\/campanyes.caritas.barcelona\/es\/wp-json\/wp\/v2\/comments?post=416"}],"version-history":[{"count":1,"href":"https:\/\/campanyes.caritas.barcelona\/es\/wp-json\/wp\/v2\/posts\/416\/revisions"}],"predecessor-version":[{"id":418,"href":"https:\/\/campanyes.caritas.barcelona\/es\/wp-json\/wp\/v2\/posts\/416\/revisions\/418"}],"wp:featuredmedia":[{"embeddable":true,"href":"https:\/\/campanyes.caritas.barcelona\/es\/wp-json\/wp\/v2\/media\/457"}],"wp:attachment":[{"href":"https:\/\/campanyes.caritas.barcelona\/es\/wp-json\/wp\/v2\/media?parent=416"}],"wp:term":[{"taxonomy":"category","embeddable":true,"href":"https:\/\/campanyes.caritas.barcelona\/es\/wp-json\/wp\/v2\/categories?post=416"},{"taxonomy":"tipus-de-campanya","embeddable":true,"href":"https:\/\/campanyes.caritas.barcelona\/es\/wp-json\/wp\/v2\/tipus-de-campanya?post=416"}],"curies":[{"name":"wp","href":"https:\/\/api.w.org\/{rel}","templated":true}]}}