{"id":78,"date":"2017-07-03T19:48:34","date_gmt":"2017-07-03T17:48:34","guid":{"rendered":"https:\/\/campanyes.caritas.barcelona\/?p=78\/"},"modified":"2018-03-27T13:16:05","modified_gmt":"2018-03-27T11:16:05","slug":"aprender-de-los-abuelos","status":"publish","type":"post","link":"https:\/\/campanyes.caritas.barcelona\/es\/aprender-de-los-abuelos\/","title":{"rendered":"Ponte en la piel de los abuelos"},"content":{"rendered":"<p>Sabemos que la gente mayor, nuestros abuelos y abuelas, son extraordinarios. Valor\u00e9moslos y acompa\u00f1\u00e9moslos en la vejez.<\/p>\n<p>Pedro tiene una enfermedad degenerativa que le afecta a los nervios desde hace 18 a\u00f1os. Cuando era m\u00e1s joven viv\u00eda con sus padres pero, cuando murieron, sus hermanos decidieron que lo mejor era que viviera en una residencia. Es, as\u00ed, como lleg\u00f3 a la residencia Pere Relats.<\/p>\n<p>A Pedro, originario de Ciudad Real, <strong>no le da verg\u00fcenza reconocer que se siente necesitado de afecto<\/strong>. En la residencia habla con otros abuelos, hace gimnasia, pinta dibujos y ve la televisi\u00f3n. Pero, para \u00e9l, esto no es suficiente: lo que realmente <strong>le da vida es pasar tiempo con Mariona<\/strong>, una joven voluntaria de C\u00e1ritas que lo visita una vez por semana.<\/p>\n<p><iframe loading=\"lazy\" title=\"Un aprenentatge mutu\" width=\"500\" height=\"281\" src=\"https:\/\/www.youtube.com\/embed\/MV2n4JdW8lo?feature=oembed\" frameborder=\"0\" allow=\"accelerometer; autoplay; clipboard-write; encrypted-media; gyroscope; picture-in-picture; web-share\" referrerpolicy=\"strict-origin-when-cross-origin\" allowfullscreen><\/iframe><\/p>\n<p>Como Pedro, muchas personas mayores que viven en residencias sienten la soledad y la falta de afecto. Desde C\u00e1ritas, con el <a href=\"https:\/\/caritas.barcelona\/es\/personas-mayores\/resivol\/\" target=\"_blank\" rel=\"noopener\">proyecto RESIVOL<\/a>,<strong> pretendemos que recuperen la esperanza para que vivan una vejez digna y feliz<\/strong>. Queremos que los abuelos y abuelas se ilusionen d\u00eda tras d\u00eda, que tengan compa\u00f1\u00eda para poder contar sus historias y que vivan con alegr\u00eda la etapa de la vejez. Porque tambi\u00e9n son personas y porque se lo merecen. Porque alg\u00fan d\u00eda podr\u00edas ser t\u00fa.<\/p>\n<p><strong>Hazte voluntario de C\u00e1ritas y cambia la vida de personas mayores<\/strong> visitando uno de los 40 centros residenciales donde estamos presentes. Ap\u00fantate en el siguiente formulario.<\/p>\n","protected":false},"excerpt":{"rendered":"<p>Sabemos que la gente mayor, nuestros abuelos y abuelas, son extraordinarios. Valor\u00e9moslos y acompa\u00f1\u00e9moslos en la vejez. Pedro tiene una enfermedad degenerativa que le afecta a los nervios desde hace 18 a\u00f1os. Cuando era m\u00e1s joven viv\u00eda con sus padres pero, cuando murieron, sus hermanos decidieron que lo mejor era que viviera en una residencia. [&hellip;]<\/p>\n","protected":false},"author":1,"featured_media":793,"comment_status":"closed","ping_status":"closed","sticky":false,"template":"","format":"standard","meta":{"footnotes":""},"categories":[29],"tipus-de-campanya":[38],"class_list":["post-78","post","type-post","status-publish","format-standard","has-post-thumbnail","hentry","category-voluntariado","tipus-de-campanya-campanas-historicas"],"aioseo_notices":[],"_links":{"self":[{"href":"https:\/\/campanyes.caritas.barcelona\/es\/wp-json\/wp\/v2\/posts\/78","targetHints":{"allow":["GET"]}}],"collection":[{"href":"https:\/\/campanyes.caritas.barcelona\/es\/wp-json\/wp\/v2\/posts"}],"about":[{"href":"https:\/\/campanyes.caritas.barcelona\/es\/wp-json\/wp\/v2\/types\/post"}],"author":[{"embeddable":true,"href":"https:\/\/campanyes.caritas.barcelona\/es\/wp-json\/wp\/v2\/users\/1"}],"replies":[{"embeddable":true,"href":"https:\/\/campanyes.caritas.barcelona\/es\/wp-json\/wp\/v2\/comments?post=78"}],"version-history":[{"count":5,"href":"https:\/\/campanyes.caritas.barcelona\/es\/wp-json\/wp\/v2\/posts\/78\/revisions"}],"predecessor-version":[{"id":796,"href":"https:\/\/campanyes.caritas.barcelona\/es\/wp-json\/wp\/v2\/posts\/78\/revisions\/796"}],"wp:featuredmedia":[{"embeddable":true,"href":"https:\/\/campanyes.caritas.barcelona\/es\/wp-json\/wp\/v2\/media\/793"}],"wp:attachment":[{"href":"https:\/\/campanyes.caritas.barcelona\/es\/wp-json\/wp\/v2\/media?parent=78"}],"wp:term":[{"taxonomy":"category","embeddable":true,"href":"https:\/\/campanyes.caritas.barcelona\/es\/wp-json\/wp\/v2\/categories?post=78"},{"taxonomy":"tipus-de-campanya","embeddable":true,"href":"https:\/\/campanyes.caritas.barcelona\/es\/wp-json\/wp\/v2\/tipus-de-campanya?post=78"}],"curies":[{"name":"wp","href":"https:\/\/api.w.org\/{rel}","templated":true}]}}